{"id":4712,"date":"2025-09-13T17:49:48","date_gmt":"2025-09-13T15:49:48","guid":{"rendered":"https:\/\/www.colegiocoreanomadrid.es\/?p=4712"},"modified":"2025-10-06T16:11:48","modified_gmt":"2025-10-06T14:11:48","slug":"convocatoria-nueva-para-el-grupo-de-extranjeros","status":"publish","type":"post","link":"https:\/\/www.colegiocoreanomadrid.es\/es\/convocatoria-nueva-para-el-grupo-de-extranjeros\/","title":{"rendered":"Convocatoria nueva para el grupo de extranjeros (2025\/2026)"},"content":{"rendered":"\n<p>Estimadas familias.<\/p>\n\n\n\n<p>Un cordial saludo.<br>Desde el semestre pasado hemos abierto classes de coreano dirigida a extranjeros.<br>Actualmente, alrededor del 70% de las familias de nuestra escuela de coreano provienen de hogares multiculturales. En este contexto, el inter\u00e9s y la participaci\u00f3n de los padres en el aprendizaje del idioma coreano tienen una influencia directa y significativa en sus hijos. Por ello, con el inicio del nuevo curso escolar 2025, deseamos reanudar las clases y solicitamos su inter\u00e9s y apoyo.<br>Les pedimos amablemente que completen el formulario de inscripci\u00f3n a trav\u00e9s del enlace compartido. A quienes lo env\u00eden, se les har\u00e1 llegar informaci\u00f3n adicional m\u00e1s adelante.<\/p>\n\n\n\n<p>\ud83d\udccc <strong>Informaci\u00f3n sobre las clases<\/strong><\/p>\n\n\n\n<ul class=\"wp-block-list\">\n<li>Requisito: tener cuenta en KakaoTalk<\/li>\n\n\n\n<li>Matr\u00edcula: 30 \u20ac (pago \u00fanico al registrarse por primera vez)<\/li>\n\n\n\n<li>Cuota de inscripci\u00f3n: 200 \u20ac<\/li>\n\n\n\n<li>Calendario: seg\u00fan el calendario acad\u00e9mico de la escuela de coreano<\/li>\n\n\n\n<li>Horario: todos los s\u00e1bados, 2 grupos (cada clase de 1 hora y 30 minutos)<\/li>\n<\/ul>\n\n\n\n<p>\ud83d\udccc <strong>Datos requeridos en el formulario<\/strong><\/p>\n\n\n\n<ul class=\"wp-block-list\">\n<li>Nombre<\/li>\n\n\n\n<li>Fecha de nacimiento<\/li>\n\n\n\n<li>Direcci\u00f3n de correo electr\u00f3nico<\/li>\n\n\n\n<li>N\u00famero de tel\u00e9fono<\/li>\n\n\n\n<li>ID de KakaoTalk<\/li>\n\n\n\n<li>Indicar si actualmente tiene hijos inscritos en la escuela de coreano y el grado correspondiente (se pueden marcar varios)<\/li>\n\n\n\n<li>Nivel de coreano (A1, A2, B1)<\/li>\n<\/ul>\n\n\n\n<p><a href=\"https:\/\/forms.gle\/LUDBgexRSZ3SC3B29\">https:\/\/forms.gle\/LUDBgexRSZ3SC3B29<\/a><\/p>\n\n\n\n<p class=\"has-text-align-right\"><strong>Colegio Coreano de Madrid<\/strong><\/p>\n\n\n\n<p class=\"has-text-align-right\"><strong>Presidente Su Youn Cho<\/strong><\/p>\n\n\n\n<p><\/p>\n","protected":false},"excerpt":{"rendered":"<p>Estimadas familias.<\/p>\n<p>Un cordial saludo.<br \/>\nDesde el semestre pasado hemos abierto classes de coreano dirigida a extranjeros.<br \/>\nActualmente, alrededor del 70% de las familias de nuestra escuela de coreano provienen de hogares multiculturales. En este contexto, el inter\u00e9s y la participaci\u00f3n de los padres en el aprendizaje del idioma coreano tienen una influencia directa y significativa en sus hijos. Por ello, con el inicio del nuevo curso escolar 2025, deseamos reanudar las clases y solicitamos su inter\u00e9s y apoyo.<br \/>\nLes pedimos amablemente que completen el formulario de inscripci\u00f3n a trav\u00e9s del enlace compartido. A quienes lo env\u00eden, se les har\u00e1 llegar informaci\u00f3n adicional m\u00e1s adelante.<\/p>\n","protected":false},"author":61,"featured_media":0,"comment_status":"open","ping_status":"open","sticky":false,"template":"","format":"standard","meta":{"_bbp_topic_count":0,"_bbp_reply_count":0,"_bbp_total_topic_count":0,"_bbp_total_reply_count":0,"_bbp_voice_count":0,"_bbp_anonymous_reply_count":0,"_bbp_topic_count_hidden":0,"_bbp_reply_count_hidden":0,"_bbp_forum_subforum_count":0,"footnotes":""},"categories":[18],"tags":[],"class_list":["post-4712","post","type-post","status-publish","format-standard","hentry","category-noticias"],"yoast_head":"<!-- This site is optimized with the Yoast SEO plugin v27.4 - https:\/\/yoast.com\/product\/yoast-seo-wordpress\/ -->\n<title>Convocatoria nueva para el grupo de extranjeros (2025\/2026) - Colegio Coreano de Madrid<\/title>\n<meta name=\"robots\" content=\"index, follow, max-snippet:-1, max-image-preview:large, max-video-preview:-1\" \/>\n<link rel=\"canonical\" href=\"https:\/\/www.colegiocoreanomadrid.es\/es\/convocatoria-nueva-para-el-grupo-de-extranjeros\/\" \/>\n<meta property=\"og:locale\" content=\"es_ES\" \/>\n<meta property=\"og:type\" content=\"article\" \/>\n<meta property=\"og:title\" content=\"Convocatoria nueva para el grupo de extranjeros (2025\/2026) - Colegio Coreano de Madrid\" \/>\n<meta property=\"og:description\" content=\"Estimadas familias. Un cordial saludo. Desde el semestre pasado hemos abierto classes de coreano dirigida a extranjeros. Actualmente, alrededor del 70% de las familias de nuestra escuela de coreano provienen de hogares multiculturales. En este contexto, el inter\u00e9s y la participaci\u00f3n de los padres en el aprendizaje del idioma coreano tienen una influencia directa y significativa en sus hijos. Por ello, con el inicio del nuevo curso escolar 2025, deseamos reanudar las clases y solicitamos su inter\u00e9s y apoyo. Les pedimos amablemente que completen el formulario de inscripci\u00f3n a trav\u00e9s del enlace compartido. A quienes lo env\u00eden, se les har\u00e1 llegar informaci\u00f3n adicional m\u00e1s adelante.\" \/>\n<meta property=\"og:url\" content=\"https:\/\/www.colegiocoreanomadrid.es\/es\/convocatoria-nueva-para-el-grupo-de-extranjeros\/\" \/>\n<meta property=\"og:site_name\" content=\"Colegio Coreano de Madrid\" \/>\n<meta property=\"article:published_time\" content=\"2025-09-13T15:49:48+00:00\" \/>\n<meta property=\"article:modified_time\" content=\"2025-10-06T14:11:48+00:00\" \/>\n<meta name=\"author\" content=\"jsyang\" \/>\n<meta name=\"twitter:card\" content=\"summary_large_image\" \/>\n<meta name=\"twitter:label1\" content=\"Escrito por\" \/>\n\t<meta name=\"twitter:data1\" content=\"jsyang\" \/>\n\t<meta name=\"twitter:label2\" content=\"Tiempo de lectura\" \/>\n\t<meta name=\"twitter:data2\" content=\"2 minutos\" \/>\n<script type=\"application\/ld+json\" class=\"yoast-schema-graph\">{\"@context\":\"https:\\\/\\\/schema.org\",\"@graph\":[{\"@type\":\"Article\",\"@id\":\"https:\\\/\\\/www.colegiocoreanomadrid.es\\\/es\\\/convocatoria-nueva-para-el-grupo-de-extranjeros\\\/#article\",\"isPartOf\":{\"@id\":\"https:\\\/\\\/www.colegiocoreanomadrid.es\\\/es\\\/convocatoria-nueva-para-el-grupo-de-extranjeros\\\/\"},\"author\":{\"name\":\"jsyang\",\"@id\":\"https:\\\/\\\/www.colegiocoreanomadrid.es\\\/es\\\/#\\\/schema\\\/person\\\/6b9a87035277e7a9664b94e0533d85ce\"},\"headline\":\"Convocatoria nueva para el grupo de extranjeros (2025\\\/2026)\",\"datePublished\":\"2025-09-13T15:49:48+00:00\",\"dateModified\":\"2025-10-06T14:11:48+00:00\",\"mainEntityOfPage\":{\"@id\":\"https:\\\/\\\/www.colegiocoreanomadrid.es\\\/es\\\/convocatoria-nueva-para-el-grupo-de-extranjeros\\\/\"},\"wordCount\":227,\"commentCount\":0,\"publisher\":{\"@id\":\"https:\\\/\\\/www.colegiocoreanomadrid.es\\\/es\\\/#organization\"},\"articleSection\":[\"Noticias\"],\"inLanguage\":\"es\",\"potentialAction\":[{\"@type\":\"CommentAction\",\"name\":\"Comment\",\"target\":[\"https:\\\/\\\/www.colegiocoreanomadrid.es\\\/es\\\/convocatoria-nueva-para-el-grupo-de-extranjeros\\\/#respond\"]}]},{\"@type\":\"WebPage\",\"@id\":\"https:\\\/\\\/www.colegiocoreanomadrid.es\\\/es\\\/convocatoria-nueva-para-el-grupo-de-extranjeros\\\/\",\"url\":\"https:\\\/\\\/www.colegiocoreanomadrid.es\\\/es\\\/convocatoria-nueva-para-el-grupo-de-extranjeros\\\/\",\"name\":\"Convocatoria nueva para el grupo de extranjeros (2025\\\/2026) - Colegio Coreano de Madrid\",\"isPartOf\":{\"@id\":\"https:\\\/\\\/www.colegiocoreanomadrid.es\\\/es\\\/#website\"},\"datePublished\":\"2025-09-13T15:49:48+00:00\",\"dateModified\":\"2025-10-06T14:11:48+00:00\",\"breadcrumb\":{\"@id\":\"https:\\\/\\\/www.colegiocoreanomadrid.es\\\/es\\\/convocatoria-nueva-para-el-grupo-de-extranjeros\\\/#breadcrumb\"},\"inLanguage\":\"es\",\"potentialAction\":[{\"@type\":\"ReadAction\",\"target\":[\"https:\\\/\\\/www.colegiocoreanomadrid.es\\\/es\\\/convocatoria-nueva-para-el-grupo-de-extranjeros\\\/\"]}]},{\"@type\":\"BreadcrumbList\",\"@id\":\"https:\\\/\\\/www.colegiocoreanomadrid.es\\\/es\\\/convocatoria-nueva-para-el-grupo-de-extranjeros\\\/#breadcrumb\",\"itemListElement\":[{\"@type\":\"ListItem\",\"position\":1,\"name\":\"Inicio\",\"item\":\"https:\\\/\\\/www.colegiocoreanomadrid.es\\\/es\\\/\"},{\"@type\":\"ListItem\",\"position\":2,\"name\":\"Convocatoria nueva para el grupo de extranjeros (2025\\\/2026)\"}]},{\"@type\":\"WebSite\",\"@id\":\"https:\\\/\\\/www.colegiocoreanomadrid.es\\\/es\\\/#website\",\"url\":\"https:\\\/\\\/www.colegiocoreanomadrid.es\\\/es\\\/\",\"name\":\"Colegio Coreano de Madrid\",\"description\":\"\",\"publisher\":{\"@id\":\"https:\\\/\\\/www.colegiocoreanomadrid.es\\\/es\\\/#organization\"},\"potentialAction\":[{\"@type\":\"SearchAction\",\"target\":{\"@type\":\"EntryPoint\",\"urlTemplate\":\"https:\\\/\\\/www.colegiocoreanomadrid.es\\\/es\\\/?s={search_term_string}\"},\"query-input\":{\"@type\":\"PropertyValueSpecification\",\"valueRequired\":true,\"valueName\":\"search_term_string\"}}],\"inLanguage\":\"es\"},{\"@type\":\"Organization\",\"@id\":\"https:\\\/\\\/www.colegiocoreanomadrid.es\\\/es\\\/#organization\",\"name\":\"Colegio Coreano de Madrid\",\"url\":\"https:\\\/\\\/www.colegiocoreanomadrid.es\\\/es\\\/\",\"logo\":{\"@type\":\"ImageObject\",\"inLanguage\":\"es\",\"@id\":\"https:\\\/\\\/www.colegiocoreanomadrid.es\\\/es\\\/#\\\/schema\\\/logo\\\/image\\\/\",\"url\":\"https:\\\/\\\/www.colegiocoreanomadrid.es\\\/wp-content\\\/uploads\\\/2022\\\/09\\\/colegio-coreano-logo.svg\",\"contentUrl\":\"https:\\\/\\\/www.colegiocoreanomadrid.es\\\/wp-content\\\/uploads\\\/2022\\\/09\\\/colegio-coreano-logo.svg\",\"width\":227,\"height\":48,\"caption\":\"Colegio Coreano de Madrid\"},\"image\":{\"@id\":\"https:\\\/\\\/www.colegiocoreanomadrid.es\\\/es\\\/#\\\/schema\\\/logo\\\/image\\\/\"}},{\"@type\":\"Person\",\"@id\":\"https:\\\/\\\/www.colegiocoreanomadrid.es\\\/es\\\/#\\\/schema\\\/person\\\/6b9a87035277e7a9664b94e0533d85ce\",\"name\":\"jsyang\",\"image\":{\"@type\":\"ImageObject\",\"inLanguage\":\"es\",\"@id\":\"https:\\\/\\\/secure.gravatar.com\\\/avatar\\\/387534f6c234c2c69faa0eac1fe0edf28c6647a7b67eeda5419f645a39389022?s=96&d=mm&r=g\",\"url\":\"https:\\\/\\\/secure.gravatar.com\\\/avatar\\\/387534f6c234c2c69faa0eac1fe0edf28c6647a7b67eeda5419f645a39389022?s=96&d=mm&r=g\",\"contentUrl\":\"https:\\\/\\\/secure.gravatar.com\\\/avatar\\\/387534f6c234c2c69faa0eac1fe0edf28c6647a7b67eeda5419f645a39389022?s=96&d=mm&r=g\",\"caption\":\"jsyang\"},\"url\":\"https:\\\/\\\/www.colegiocoreanomadrid.es\\\/es\\\/author\\\/lionking0000\\\/\"}]}<\/script>\n<!-- \/ Yoast SEO plugin. -->","yoast_head_json":{"title":"Convocatoria nueva para el grupo de extranjeros (2025\/2026) - Colegio Coreano de Madrid","robots":{"index":"index","follow":"follow","max-snippet":"max-snippet:-1","max-image-preview":"max-image-preview:large","max-video-preview":"max-video-preview:-1"},"canonical":"https:\/\/www.colegiocoreanomadrid.es\/es\/convocatoria-nueva-para-el-grupo-de-extranjeros\/","og_locale":"es_ES","og_type":"article","og_title":"Convocatoria nueva para el grupo de extranjeros (2025\/2026) - Colegio Coreano de Madrid","og_description":"Estimadas familias. Un cordial saludo. Desde el semestre pasado hemos abierto classes de coreano dirigida a extranjeros. Actualmente, alrededor del 70% de las familias de nuestra escuela de coreano provienen de hogares multiculturales. En este contexto, el inter\u00e9s y la participaci\u00f3n de los padres en el aprendizaje del idioma coreano tienen una influencia directa y significativa en sus hijos. Por ello, con el inicio del nuevo curso escolar 2025, deseamos reanudar las clases y solicitamos su inter\u00e9s y apoyo. Les pedimos amablemente que completen el formulario de inscripci\u00f3n a trav\u00e9s del enlace compartido. A quienes lo env\u00eden, se les har\u00e1 llegar informaci\u00f3n adicional m\u00e1s adelante.","og_url":"https:\/\/www.colegiocoreanomadrid.es\/es\/convocatoria-nueva-para-el-grupo-de-extranjeros\/","og_site_name":"Colegio Coreano de Madrid","article_published_time":"2025-09-13T15:49:48+00:00","article_modified_time":"2025-10-06T14:11:48+00:00","author":"jsyang","twitter_card":"summary_large_image","twitter_misc":{"Escrito por":"jsyang","Tiempo de lectura":"2 minutos"},"schema":{"@context":"https:\/\/schema.org","@graph":[{"@type":"Article","@id":"https:\/\/www.colegiocoreanomadrid.es\/es\/convocatoria-nueva-para-el-grupo-de-extranjeros\/#article","isPartOf":{"@id":"https:\/\/www.colegiocoreanomadrid.es\/es\/convocatoria-nueva-para-el-grupo-de-extranjeros\/"},"author":{"name":"jsyang","@id":"https:\/\/www.colegiocoreanomadrid.es\/es\/#\/schema\/person\/6b9a87035277e7a9664b94e0533d85ce"},"headline":"Convocatoria nueva para el grupo de extranjeros (2025\/2026)","datePublished":"2025-09-13T15:49:48+00:00","dateModified":"2025-10-06T14:11:48+00:00","mainEntityOfPage":{"@id":"https:\/\/www.colegiocoreanomadrid.es\/es\/convocatoria-nueva-para-el-grupo-de-extranjeros\/"},"wordCount":227,"commentCount":0,"publisher":{"@id":"https:\/\/www.colegiocoreanomadrid.es\/es\/#organization"},"articleSection":["Noticias"],"inLanguage":"es","potentialAction":[{"@type":"CommentAction","name":"Comment","target":["https:\/\/www.colegiocoreanomadrid.es\/es\/convocatoria-nueva-para-el-grupo-de-extranjeros\/#respond"]}]},{"@type":"WebPage","@id":"https:\/\/www.colegiocoreanomadrid.es\/es\/convocatoria-nueva-para-el-grupo-de-extranjeros\/","url":"https:\/\/www.colegiocoreanomadrid.es\/es\/convocatoria-nueva-para-el-grupo-de-extranjeros\/","name":"Convocatoria nueva para el grupo de extranjeros (2025\/2026) - Colegio Coreano de Madrid","isPartOf":{"@id":"https:\/\/www.colegiocoreanomadrid.es\/es\/#website"},"datePublished":"2025-09-13T15:49:48+00:00","dateModified":"2025-10-06T14:11:48+00:00","breadcrumb":{"@id":"https:\/\/www.colegiocoreanomadrid.es\/es\/convocatoria-nueva-para-el-grupo-de-extranjeros\/#breadcrumb"},"inLanguage":"es","potentialAction":[{"@type":"ReadAction","target":["https:\/\/www.colegiocoreanomadrid.es\/es\/convocatoria-nueva-para-el-grupo-de-extranjeros\/"]}]},{"@type":"BreadcrumbList","@id":"https:\/\/www.colegiocoreanomadrid.es\/es\/convocatoria-nueva-para-el-grupo-de-extranjeros\/#breadcrumb","itemListElement":[{"@type":"ListItem","position":1,"name":"Inicio","item":"https:\/\/www.colegiocoreanomadrid.es\/es\/"},{"@type":"ListItem","position":2,"name":"Convocatoria nueva para el grupo de extranjeros (2025\/2026)"}]},{"@type":"WebSite","@id":"https:\/\/www.colegiocoreanomadrid.es\/es\/#website","url":"https:\/\/www.colegiocoreanomadrid.es\/es\/","name":"Colegio Coreano de Madrid","description":"","publisher":{"@id":"https:\/\/www.colegiocoreanomadrid.es\/es\/#organization"},"potentialAction":[{"@type":"SearchAction","target":{"@type":"EntryPoint","urlTemplate":"https:\/\/www.colegiocoreanomadrid.es\/es\/?s={search_term_string}"},"query-input":{"@type":"PropertyValueSpecification","valueRequired":true,"valueName":"search_term_string"}}],"inLanguage":"es"},{"@type":"Organization","@id":"https:\/\/www.colegiocoreanomadrid.es\/es\/#organization","name":"Colegio Coreano de Madrid","url":"https:\/\/www.colegiocoreanomadrid.es\/es\/","logo":{"@type":"ImageObject","inLanguage":"es","@id":"https:\/\/www.colegiocoreanomadrid.es\/es\/#\/schema\/logo\/image\/","url":"https:\/\/www.colegiocoreanomadrid.es\/wp-content\/uploads\/2022\/09\/colegio-coreano-logo.svg","contentUrl":"https:\/\/www.colegiocoreanomadrid.es\/wp-content\/uploads\/2022\/09\/colegio-coreano-logo.svg","width":227,"height":48,"caption":"Colegio Coreano de Madrid"},"image":{"@id":"https:\/\/www.colegiocoreanomadrid.es\/es\/#\/schema\/logo\/image\/"}},{"@type":"Person","@id":"https:\/\/www.colegiocoreanomadrid.es\/es\/#\/schema\/person\/6b9a87035277e7a9664b94e0533d85ce","name":"jsyang","image":{"@type":"ImageObject","inLanguage":"es","@id":"https:\/\/secure.gravatar.com\/avatar\/387534f6c234c2c69faa0eac1fe0edf28c6647a7b67eeda5419f645a39389022?s=96&d=mm&r=g","url":"https:\/\/secure.gravatar.com\/avatar\/387534f6c234c2c69faa0eac1fe0edf28c6647a7b67eeda5419f645a39389022?s=96&d=mm&r=g","contentUrl":"https:\/\/secure.gravatar.com\/avatar\/387534f6c234c2c69faa0eac1fe0edf28c6647a7b67eeda5419f645a39389022?s=96&d=mm&r=g","caption":"jsyang"},"url":"https:\/\/www.colegiocoreanomadrid.es\/es\/author\/lionking0000\/"}]}},"_links":{"self":[{"href":"https:\/\/www.colegiocoreanomadrid.es\/es\/wp-json\/wp\/v2\/posts\/4712","targetHints":{"allow":["GET"]}}],"collection":[{"href":"https:\/\/www.colegiocoreanomadrid.es\/es\/wp-json\/wp\/v2\/posts"}],"about":[{"href":"https:\/\/www.colegiocoreanomadrid.es\/es\/wp-json\/wp\/v2\/types\/post"}],"author":[{"embeddable":true,"href":"https:\/\/www.colegiocoreanomadrid.es\/es\/wp-json\/wp\/v2\/users\/61"}],"replies":[{"embeddable":true,"href":"https:\/\/www.colegiocoreanomadrid.es\/es\/wp-json\/wp\/v2\/comments?post=4712"}],"version-history":[{"count":4,"href":"https:\/\/www.colegiocoreanomadrid.es\/es\/wp-json\/wp\/v2\/posts\/4712\/revisions"}],"predecessor-version":[{"id":4738,"href":"https:\/\/www.colegiocoreanomadrid.es\/es\/wp-json\/wp\/v2\/posts\/4712\/revisions\/4738"}],"wp:attachment":[{"href":"https:\/\/www.colegiocoreanomadrid.es\/es\/wp-json\/wp\/v2\/media?parent=4712"}],"wp:term":[{"taxonomy":"category","embeddable":true,"href":"https:\/\/www.colegiocoreanomadrid.es\/es\/wp-json\/wp\/v2\/categories?post=4712"},{"taxonomy":"post_tag","embeddable":true,"href":"https:\/\/www.colegiocoreanomadrid.es\/es\/wp-json\/wp\/v2\/tags?post=4712"}],"curies":[{"name":"wp","href":"https:\/\/api.w.org\/{rel}","templated":true}]}}